{"id":56919,"date":"2026-04-30T10:50:45","date_gmt":"2026-04-30T08:50:45","guid":{"rendered":"https:\/\/seegut-blaueblume.de\/?p=56919"},"modified":"2026-04-30T17:20:43","modified_gmt":"2026-04-30T15:20:43","slug":"sommernachtstaumel","status":"publish","type":"post","link":"https:\/\/seegut-blaueblume.de\/en\/sommernachtstaumel\/","title":{"rendered":"SommernachtsTaumel vom 29.07. &#8211; 02.08."},"content":{"rendered":"<div data-elementor-type=\"wp-post\" data-elementor-id=\"56919\" class=\"elementor elementor-56919\">\n\t\t\t\t\t\t<section class=\"elementor-section elementor-top-section elementor-element elementor-element-1f85e6c elementor-section-boxed elementor-section-height-default elementor-section-height-default\" data-id=\"1f85e6c\" data-element_type=\"section\" data-e-type=\"section\">\n\t\t\t\t\t\t<div class=\"elementor-container elementor-column-gap-default\">\n\t\t\t\t\t<div class=\"elementor-column elementor-col-100 elementor-top-column elementor-element elementor-element-0d1626f\" data-id=\"0d1626f\" data-element_type=\"column\" data-e-type=\"column\">\n\t\t\t<div class=\"elementor-widget-wrap elementor-element-populated\">\n\t\t\t\t\t\t<div class=\"elementor-element elementor-element-604d3fa elementor-widget elementor-widget-heading\" data-id=\"604d3fa\" data-element_type=\"widget\" data-e-type=\"widget\" data-widget_type=\"heading.default\">\n\t\t\t\t<div class=\"elementor-widget-container\">\n\t\t\t\t\t<h2 class=\"elementor-heading-title elementor-size-default\">An alle Tr\u00e4umenden, poesiebefl\u00fcgelten Weltenweber und sommerverliebten Freigeister<\/h2>\t\t\t\t<\/div>\n\t\t\t\t<\/div>\n\t\t\t\t\t<\/div>\n\t\t<\/div>\n\t\t\t\t\t<\/div>\n\t\t<\/section>\n\t\t\t\t<section class=\"elementor-section elementor-top-section elementor-element elementor-element-77e0ad3 elementor-section-boxed elementor-section-height-default elementor-section-height-default\" data-id=\"77e0ad3\" data-element_type=\"section\" data-e-type=\"section\">\n\t\t\t\t\t\t<div class=\"elementor-container elementor-column-gap-default\">\n\t\t\t\t\t<div class=\"elementor-column elementor-col-100 elementor-top-column elementor-element elementor-element-4596319\" data-id=\"4596319\" data-element_type=\"column\" data-e-type=\"column\">\n\t\t\t<div class=\"elementor-widget-wrap elementor-element-populated\">\n\t\t\t\t\t\t<section class=\"elementor-section elementor-inner-section elementor-element elementor-element-5598fef elementor-section-boxed elementor-section-height-default elementor-section-height-default\" data-id=\"5598fef\" data-element_type=\"section\" data-e-type=\"section\">\n\t\t\t\t\t\t<div class=\"elementor-container elementor-column-gap-default\">\n\t\t\t\t\t<div class=\"elementor-column elementor-col-50 elementor-inner-column elementor-element elementor-element-9e99245\" data-id=\"9e99245\" data-element_type=\"column\" data-e-type=\"column\">\n\t\t\t<div class=\"elementor-widget-wrap elementor-element-populated\">\n\t\t\t\t\t\t<div class=\"elementor-element elementor-element-7351788 elementor-widget__width-initial elementor-widget elementor-widget-image\" data-id=\"7351788\" data-element_type=\"widget\" data-e-type=\"widget\" data-widget_type=\"image.default\">\n\t\t\t\t<div class=\"elementor-widget-container\">\n\t\t\t\t\t\t\t\t\t\t\t\t\t\t\t<img decoding=\"async\" src=\"https:\/\/www.blaueblume.de\/wp-content\/uploads\/2026\/02\/Main_Page_1-480x600.jpg\" title=\"\" alt=\"\" loading=\"lazy\" \/>\t\t\t\t\t\t\t\t\t\t\t\t\t\t\t<\/div>\n\t\t\t\t<\/div>\n\t\t\t\t\t<\/div>\n\t\t<\/div>\n\t\t\t\t<div class=\"elementor-column elementor-col-50 elementor-inner-column elementor-element elementor-element-55c8d29\" data-id=\"55c8d29\" data-element_type=\"column\" data-e-type=\"column\">\n\t\t\t<div class=\"elementor-widget-wrap elementor-element-populated\">\n\t\t\t\t\t\t<div class=\"elementor-element elementor-element-a4d2cfa elementor-widget__width-initial elementor-widget elementor-widget-text-editor\" data-id=\"a4d2cfa\" data-element_type=\"widget\" data-e-type=\"widget\" data-widget_type=\"text-editor.default\">\n\t\t\t\t<div class=\"elementor-widget-container\">\n\t\t\t\t\t\t\t\t\t<p>Wenn der Tag langsam vergeht<br \/>und die Nacht den Raum \u00f6ffnet f\u00fcr Stimmen, Gedanken und Bewegung,<br \/>beginnt der <em>SommernachtsTaumel<\/em>.<\/p><p>Licht flackert zwischen B\u00e4umen,<br \/>Musik liegt in der Luft,<br \/>Worte, T\u00f6ne und Gesten finden zueinander.<br \/>Hier wird Kunst geboren aus Gemeinschaft,<br \/>aus Mut zum Ausdruck,<br \/>aus dem Zauber warmer N\u00e4chte.<\/p><p>Der <em>SommernachtsTaumel<\/em> ist kein Zuschauen,<br \/>sondern ein Eintauchen.<br \/>Ein Fest zwischen B\u00fchne und Wiese,<br \/>zwischen Sternenhimmel und Lagerfeuer,<br \/>zwischen dir und dem, was in dir klingen will.<\/p><p>Komm.<br \/>Taumle.<br \/>Und lass die Lust am Spiel nach dir greifen.<\/p>\t\t\t\t\t\t\t\t<\/div>\n\t\t\t\t<\/div>\n\t\t\t\t\t<\/div>\n\t\t<\/div>\n\t\t\t\t\t<\/div>\n\t\t<\/section>\n\t\t\t\t<div class=\"elementor-element elementor-element-96ce940 elementor-widget elementor-widget-text-editor\" data-id=\"96ce940\" data-element_type=\"widget\" data-e-type=\"widget\" data-widget_type=\"text-editor.default\">\n\t\t\t\t<div class=\"elementor-widget-container\">\n\t\t\t\t\t\t\t\t\t<p><strong>Wir laden dich ein zu einer f\u00fcnft\u00e4gigen Reise *Mittwoch 29. Juli bis Sonntag 02. August*<\/strong> durch die wiederverzauberte Welt des lebendigen Erfahrens und Gestaltens von Poesie, Gesang, szenischem Spiel und der Sch\u00f6nheit von Kunst.<\/p>\t\t\t\t\t\t\t\t<\/div>\n\t\t\t\t<\/div>\n\t\t\t\t<section class=\"elementor-section elementor-inner-section elementor-element elementor-element-ad4c45c elementor-section-boxed elementor-section-height-default elementor-section-height-default\" data-id=\"ad4c45c\" data-element_type=\"section\" data-e-type=\"section\">\n\t\t\t\t\t\t<div class=\"elementor-container elementor-column-gap-default\">\n\t\t\t\t\t<div class=\"elementor-column elementor-col-50 elementor-inner-column elementor-element elementor-element-eb7ab77\" data-id=\"eb7ab77\" data-element_type=\"column\" data-e-type=\"column\">\n\t\t\t<div class=\"elementor-widget-wrap elementor-element-populated\">\n\t\t\t\t\t\t<div class=\"elementor-element elementor-element-58040c4 elementor-widget elementor-widget-text-editor\" data-id=\"58040c4\" data-element_type=\"widget\" data-e-type=\"widget\" data-widget_type=\"text-editor.default\">\n\t\t\t\t<div class=\"elementor-widget-container\">\n\t\t\t\t\t\t\t\t\t<p>Zusammen gestalten wir ein buntes Festival der handgemachten Kultur<br \/>Wir lauschen den zarten und lauten T\u00f6nen im Innern, die geh\u00f6rt und ausgedr\u00fcckt werden wollen, die ihr Eigenleben entwickeln und mit Anderen spielerisch in Beziehung gehen.<\/p><p>Du w\u00e4hlst eine Werkstatt f\u00fcr die gesamte Zeit und kreierst und produzierst unter Anleitung von erfahrenen K\u00fcnstlern, gemeinsam mit Anderen.<br \/>Das Gestalten zeigt sich in vielen offenen B\u00fchnen und Pr\u00e4sentationen.<\/p><p>Die Gestaltungsprozesse laden zur Interaktion ein, die das Verh\u00e4ltnis von B\u00fchnen- und Zuschauerraum umkehren.<\/p>\t\t\t\t\t\t\t\t<\/div>\n\t\t\t\t<\/div>\n\t\t\t\t\t<\/div>\n\t\t<\/div>\n\t\t\t\t<div class=\"elementor-column elementor-col-50 elementor-inner-column elementor-element elementor-element-1a76b53\" data-id=\"1a76b53\" data-element_type=\"column\" data-e-type=\"column\">\n\t\t\t<div class=\"elementor-widget-wrap elementor-element-populated\">\n\t\t\t\t\t\t<div class=\"elementor-element elementor-element-18232ef elementor-widget__width-initial elementor-widget elementor-widget-image\" data-id=\"18232ef\" data-element_type=\"widget\" data-e-type=\"widget\" data-widget_type=\"image.default\">\n\t\t\t\t<div class=\"elementor-widget-container\">\n\t\t\t\t\t\t\t\t\t\t\t\t\t\t\t<img decoding=\"async\" src=\"https:\/\/www.blaueblume.de\/wp-content\/uploads\/2026\/02\/Kopie-von-Rhabbit_Hole-600x450.jpg\" title=\"\" alt=\"\" loading=\"lazy\" \/>\t\t\t\t\t\t\t\t\t\t\t\t\t\t\t<\/div>\n\t\t\t\t<\/div>\n\t\t\t\t\t<\/div>\n\t\t<\/div>\n\t\t\t\t\t<\/div>\n\t\t<\/section>\n\t\t\t\t<section class=\"elementor-section elementor-inner-section elementor-element elementor-element-1814a4d elementor-section-boxed elementor-section-height-default elementor-section-height-default\" data-id=\"1814a4d\" data-element_type=\"section\" data-e-type=\"section\">\n\t\t\t\t\t\t<div class=\"elementor-container elementor-column-gap-default\">\n\t\t\t\t\t<div class=\"elementor-column elementor-col-50 elementor-inner-column elementor-element elementor-element-d225f4c\" data-id=\"d225f4c\" data-element_type=\"column\" data-e-type=\"column\">\n\t\t\t<div class=\"elementor-widget-wrap elementor-element-populated\">\n\t\t\t\t\t\t<div class=\"elementor-element elementor-element-4466166 elementor-widget elementor-widget-image\" data-id=\"4466166\" data-element_type=\"widget\" data-e-type=\"widget\" data-widget_type=\"image.default\">\n\t\t\t\t<div class=\"elementor-widget-container\">\n\t\t\t\t\t\t\t\t\t\t\t\t\t\t\t<img decoding=\"async\" src=\"https:\/\/www.blaueblume.de\/wp-content\/uploads\/2026\/02\/Philosophisches_Theater-450x600.jpg\" title=\"\" alt=\"\" loading=\"lazy\" \/>\t\t\t\t\t\t\t\t\t\t\t\t\t\t\t<\/div>\n\t\t\t\t<\/div>\n\t\t\t\t<div class=\"elementor-element elementor-element-eec9163 elementor-align-center elementor-widget elementor-widget-button\" data-id=\"eec9163\" data-element_type=\"widget\" data-e-type=\"widget\" data-widget_type=\"button.default\">\n\t\t\t\t<div class=\"elementor-widget-container\">\n\t\t\t\t\t\t\t\t\t<div class=\"elementor-button-wrapper\">\n\t\t\t\t\t<a class=\"elementor-button elementor-button-link elementor-size-sm\" href=\"https:\/\/forms.gle\/FNpHa1jX9WBCGBsC9\" target=\"_blank\">\n\t\t\t\t\t\t<span class=\"elementor-button-content-wrapper\">\n\t\t\t\t\t\t\t\t\t<span class=\"elementor-button-text\">Jetzt anmelden<\/span>\n\t\t\t\t\t<\/span>\n\t\t\t\t\t<\/a>\n\t\t\t\t<\/div>\n\t\t\t\t\t\t\t\t<\/div>\n\t\t\t\t<\/div>\n\t\t\t\t\t<\/div>\n\t\t<\/div>\n\t\t\t\t<div class=\"elementor-column elementor-col-50 elementor-inner-column elementor-element elementor-element-dbe1151\" data-id=\"dbe1151\" data-element_type=\"column\" data-e-type=\"column\">\n\t\t\t<div class=\"elementor-widget-wrap elementor-element-populated\">\n\t\t\t\t\t\t<div class=\"elementor-element elementor-element-914439c elementor-widget elementor-widget-text-editor\" data-id=\"914439c\" data-element_type=\"widget\" data-e-type=\"widget\" data-widget_type=\"text-editor.default\">\n\t\t\t\t<div class=\"elementor-widget-container\">\n\t\t\t\t\t\t\t\t\t<div class=\"et_pb_row et_pb_row_4\"><div class=\"et_pb_column et_pb_column_1_2 et_pb_column_7 et_pb_css_mix_blend_mode_passthrough et-last-child\"><div class=\"et_pb_module et_pb_text et_pb_text_4 et_pb_text_align_left et_pb_bg_layout_light\"><div class=\"et_pb_text_inner\"><h2><b>Tickets<br \/><\/b><\/h2><p>Die Teilnahme ist ab 16 Jahren m\u00f6glich.<\/p><p><a href=\"http:\/\/www.blaueblume.de\/sommernachtstaumel-2026-werkstaetten-uebersicht\">Es stehen vier Werkst\u00e4tten zur Auswahl<\/a>, wobei du eine f\u00fcr dich vorab ausw\u00e4hlst.<\/p><p>Das Ticket kostet f\u00fcr das gesamte Kulturfestival an f\u00fcnf Tagen und vier N\u00e4chten 450 \u20ac.<br \/>Darin sind enthalten: <br \/>* Nutzungs des gesamten Gel\u00e4ndes<br \/>* Teilnahme an einer Intensivwerkstatt deiner Wahl<br \/>* vollst\u00e4ndige Verpflegung <br \/>* Bereitstellung von Materialien f\u00fcr die Werkst\u00e4tten<\/p><p>F\u00fcr die Unterkunft w\u00e4hle bitte bei der Anmeldung zus\u00e4tzlich deine Kategorie, die Reihenfolge der Anmeldungen entscheidet:<\/p><p>* 2-4 Bettzimmer \u2013 Gesamtpreis 750 \u20ac<br \/>* Bett in einem Gruppenschlafraum \u2013 Gesamtpreis 625 \u20ac<br \/>* Zeltplatz oder Platz f\u00fcr einen Camper \u2013 Gesamtpreis 550 \u20ac<br \/>* ohne \u00dcbernachtung \u2013 Gesamtpreis 450 \u20ac<\/p><\/div><\/div><\/div><\/div><div class=\"et_pb_row et_pb_row_5\"><div class=\"et_pb_column et_pb_column_1_2 et_pb_column_8 et_pb_css_mix_blend_mode_passthrough\"><div class=\"et_pb_button_module_wrapper et_pb_button_0_wrapper et_pb_button_alignment_center et_pb_module\"><a class=\"et_pb_button et_pb_button_0 et_pb_bg_layout_light\" href=\"https:\/\/forms.gle\/FNpHa1jX9WBCGBsC9\" target=\"_blank\" rel=\"noopener\">Hier geht&#8217;s zur Anmeldung<\/a><\/div><\/div><div class=\"et_pb_column et_pb_column_1_2 et_pb_column_9 et_pb_css_mix_blend_mode_passthrough et-last-child\"><div class=\"et_pb_module et_pb_text et_pb_text_5 et_pb_text_align_left et_pb_bg_layout_light\"><div class=\"et_pb_text_inner\"><p><b>Beginn:<\/b> Mittwoch, 29.Juli 2026,\u00a0 Anreise ab 12 Uhr<br \/><b>Eventende:<\/b> Sonntag, 02. August 2026,\u00a0 Abreise um 14 Uhr, nach einem Reisesegen<\/p><\/div><\/div><\/div><\/div>\t\t\t\t\t\t\t\t<\/div>\n\t\t\t\t<\/div>\n\t\t\t\t\t<\/div>\n\t\t<\/div>\n\t\t\t\t\t<\/div>\n\t\t<\/section>\n\t\t\t\t<div class=\"elementor-element elementor-element-1771ddf elementor-widget elementor-widget-text-editor\" data-id=\"1771ddf\" data-element_type=\"widget\" data-e-type=\"widget\" data-widget_type=\"text-editor.default\">\n\t\t\t\t<div class=\"elementor-widget-container\">\n\t\t\t\t\t\t\t\t\t<h2>Der Ort<\/h2><p>Das Seegut Blaue Blume er\u00f6ffnet uns viele B\u00fchnen \u2013 im alten Seminarhaus, auf der gro\u00dfen Terrasse, im stillen Wald oder am glitzernden See. \u00dcberall warten Pl\u00e4tze, die zum Spiel, Entdecken und Ausprobieren einladen.<\/p>\t\t\t\t\t\t\t\t<\/div>\n\t\t\t\t<\/div>\n\t\t\t\t\t<\/div>\n\t\t<\/div>\n\t\t\t\t\t<\/div>\n\t\t<\/section>\n\t\t\t\t<section class=\"elementor-section elementor-top-section elementor-element elementor-element-a6f2d9f elementor-section-boxed elementor-section-height-default elementor-section-height-default\" data-id=\"a6f2d9f\" data-element_type=\"section\" data-e-type=\"section\">\n\t\t\t\t\t\t<div class=\"elementor-container elementor-column-gap-default\">\n\t\t\t\t\t<div class=\"elementor-column elementor-col-33 elementor-top-column elementor-element elementor-element-910c6d6\" data-id=\"910c6d6\" data-element_type=\"column\" data-e-type=\"column\">\n\t\t\t<div class=\"elementor-widget-wrap elementor-element-populated\">\n\t\t\t\t\t\t<div class=\"elementor-element elementor-element-201ac33 elementor-widget elementor-widget-image\" data-id=\"201ac33\" data-element_type=\"widget\" data-e-type=\"widget\" data-widget_type=\"image.default\">\n\t\t\t\t<div class=\"elementor-widget-container\">\n\t\t\t\t\t\t\t\t\t\t\t\t\t\t\t<img decoding=\"async\" src=\"https:\/\/www.blaueblume.de\/wp-content\/uploads\/2026\/02\/Seegut_Blaue_Blume_WEB-600x400.jpg\" title=\"\" alt=\"\" loading=\"lazy\" \/>\t\t\t\t\t\t\t\t\t\t\t\t\t\t\t<\/div>\n\t\t\t\t<\/div>\n\t\t\t\t\t<\/div>\n\t\t<\/div>\n\t\t\t\t<div class=\"elementor-column elementor-col-33 elementor-top-column elementor-element elementor-element-15bc788\" data-id=\"15bc788\" data-element_type=\"column\" data-e-type=\"column\">\n\t\t\t<div class=\"elementor-widget-wrap elementor-element-populated\">\n\t\t\t\t\t\t<div class=\"elementor-element elementor-element-08500e7 elementor-widget elementor-widget-image\" data-id=\"08500e7\" data-element_type=\"widget\" data-e-type=\"widget\" data-widget_type=\"image.default\">\n\t\t\t\t<div class=\"elementor-widget-container\">\n\t\t\t\t\t\t\t\t\t\t\t\t\t\t\t<img decoding=\"async\" src=\"https:\/\/www.blaueblume.de\/wp-content\/uploads\/2026\/02\/Lagerfeuerfoto-3-crop-600x400.jpg\" title=\"\" alt=\"\" loading=\"lazy\" \/>\t\t\t\t\t\t\t\t\t\t\t\t\t\t\t<\/div>\n\t\t\t\t<\/div>\n\t\t\t\t\t<\/div>\n\t\t<\/div>\n\t\t\t\t<div class=\"elementor-column elementor-col-33 elementor-top-column elementor-element elementor-element-2c5e69e\" data-id=\"2c5e69e\" data-element_type=\"column\" data-e-type=\"column\">\n\t\t\t<div class=\"elementor-widget-wrap elementor-element-populated\">\n\t\t\t\t\t\t<div class=\"elementor-element elementor-element-74333dd elementor-widget elementor-widget-image\" data-id=\"74333dd\" data-element_type=\"widget\" data-e-type=\"widget\" data-widget_type=\"image.default\">\n\t\t\t\t<div class=\"elementor-widget-container\">\n\t\t\t\t\t\t\t\t\t\t\t\t\t\t\t<img decoding=\"async\" src=\"https:\/\/www.blaueblume.de\/wp-content\/uploads\/2026\/02\/Seegut_Blaue_Blume_Aussenwohnzimmer-600x401.jpg\" title=\"\" alt=\"\" loading=\"lazy\" \/>\t\t\t\t\t\t\t\t\t\t\t\t\t\t\t<\/div>\n\t\t\t\t<\/div>\n\t\t\t\t\t<\/div>\n\t\t<\/div>\n\t\t\t\t\t<\/div>\n\t\t<\/section>\n\t\t\t\t<section class=\"elementor-section elementor-top-section elementor-element elementor-element-19ee784 elementor-section-boxed elementor-section-height-default elementor-section-height-default\" data-id=\"19ee784\" data-element_type=\"section\" data-e-type=\"section\">\n\t\t\t\t\t\t<div class=\"elementor-container elementor-column-gap-default\">\n\t\t\t\t\t<div class=\"elementor-column elementor-col-100 elementor-top-column elementor-element elementor-element-a78cbd7\" data-id=\"a78cbd7\" data-element_type=\"column\" data-e-type=\"column\">\n\t\t\t<div class=\"elementor-widget-wrap elementor-element-populated\">\n\t\t\t\t\t\t<div class=\"elementor-element elementor-element-06f03de elementor-widget elementor-widget-text-editor\" data-id=\"06f03de\" data-element_type=\"widget\" data-e-type=\"widget\" data-widget_type=\"text-editor.default\">\n\t\t\t\t<div class=\"elementor-widget-container\">\n\t\t\t\t\t\t\t\t\t<p>Das Seegut befindet sich zwischen Prenzlau und Templin in der Feldberger Seenlandschaft, Uckermark, ca. 1 Stunde 30 Minuten von Berlin entfernt. <br \/>Das Grundst\u00fcck umfasst etwa 8 Hektar mit Wald- und Wiesengebieten. Es eignet sich als Standort f\u00fcr Seminare, Retreats, Workshops und Fortbildungen sowie f\u00fcr Feiern, Feste und Gruppenausfl\u00fcge.<\/p>\t\t\t\t\t\t\t\t<\/div>\n\t\t\t\t<\/div>\n\t\t\t\t\t<\/div>\n\t\t<\/div>\n\t\t\t\t\t<\/div>\n\t\t<\/section>\n\t\t\t\t<section class=\"elementor-section elementor-top-section elementor-element elementor-element-9ad7194 elementor-section-boxed elementor-section-height-default elementor-section-height-default\" data-id=\"9ad7194\" data-element_type=\"section\" data-e-type=\"section\">\n\t\t\t\t\t\t<div class=\"elementor-container elementor-column-gap-default\">\n\t\t\t\t\t<div class=\"elementor-column elementor-col-100 elementor-top-column elementor-element elementor-element-86059df\" data-id=\"86059df\" data-element_type=\"column\" data-e-type=\"column\">\n\t\t\t<div class=\"elementor-widget-wrap elementor-element-populated\">\n\t\t\t\t\t\t<div class=\"elementor-element elementor-element-e99a331 elementor-widget elementor-widget-heading\" data-id=\"e99a331\" data-element_type=\"widget\" data-e-type=\"widget\" data-widget_type=\"heading.default\">\n\t\t\t\t<div class=\"elementor-widget-container\">\n\t\t\t\t\t<h2 class=\"elementor-heading-title elementor-size-default\"><a href=\"https:\/\/www.blaueblume.de\/sommernachtstaumel-2026-werkstaetten-uebersicht\/\" target=\"_blank\">Werkst\u00e4tten &amp; Dozent:innen\n<\/a><\/h2>\t\t\t\t<\/div>\n\t\t\t\t<\/div>\n\t\t\t\t\t<\/div>\n\t\t<\/div>\n\t\t\t\t\t<\/div>\n\t\t<\/section>\n\t\t\t\t<section class=\"elementor-section elementor-top-section elementor-element elementor-element-f103108 elementor-section-content-space-evenly elementor-section-boxed elementor-section-height-default elementor-section-height-default\" data-id=\"f103108\" data-element_type=\"section\" data-e-type=\"section\">\n\t\t\t\t\t\t<div class=\"elementor-container elementor-column-gap-default\">\n\t\t\t\t\t<div class=\"elementor-column elementor-col-25 elementor-top-column elementor-element elementor-element-4d9bfff\" data-id=\"4d9bfff\" data-element_type=\"column\" data-e-type=\"column\">\n\t\t\t<div class=\"elementor-widget-wrap elementor-element-populated\">\n\t\t\t\t\t\t<div class=\"elementor-element elementor-element-4987629 elementor-widget elementor-widget-image\" data-id=\"4987629\" data-element_type=\"widget\" data-e-type=\"widget\" data-widget_type=\"image.default\">\n\t\t\t\t<div class=\"elementor-widget-container\">\n\t\t\t\t\t\t\t\t\t\t\t\t\t\t\t<img decoding=\"async\" src=\"https:\/\/www.blaueblume.de\/wp-content\/uploads\/2023\/07\/Dennis-Peterzelka.jpg\" title=\"\" alt=\"\" loading=\"lazy\" \/>\t\t\t\t\t\t\t\t\t\t\t\t\t\t\t<\/div>\n\t\t\t\t<\/div>\n\t\t\t\t<div class=\"elementor-element elementor-element-60bca07 elementor-widget elementor-widget-text-editor\" data-id=\"60bca07\" data-element_type=\"widget\" data-e-type=\"widget\" data-widget_type=\"text-editor.default\">\n\t\t\t\t<div class=\"elementor-widget-container\">\n\t\t\t\t\t\t\t\t\t<p><strong><em>&#8222;Systemic Immersive Theater\u00ae\u201d &#8211;<\/em><\/strong><br \/>mit Dr. Dennis H. Peterzelka<\/p><p>Neugier, Spielfreude und Bereitschaft, sich auf den gemeinsamen Prozess einzulassen, sind alles, was Du brauchst.<\/p>\t\t\t\t\t\t\t\t<\/div>\n\t\t\t\t<\/div>\n\t\t\t\t<div class=\"elementor-element elementor-element-72c0fb9 elementor-align-center elementor-widget elementor-widget-button\" data-id=\"72c0fb9\" data-element_type=\"widget\" data-e-type=\"widget\" data-widget_type=\"button.default\">\n\t\t\t\t<div class=\"elementor-widget-container\">\n\t\t\t\t\t\t\t\t\t<div class=\"elementor-button-wrapper\">\n\t\t\t\t\t<a class=\"elementor-button elementor-button-link elementor-size-sm\" href=\"https:\/\/www.blaueblume.de\/sommernachtstaumel-dozenten-dr-dennis-peterzelka\/\" target=\"_blank\">\n\t\t\t\t\t\t<span class=\"elementor-button-content-wrapper\">\n\t\t\t\t\t\t\t\t\t<span class=\"elementor-button-text\">Mehr lesen<\/span>\n\t\t\t\t\t<\/span>\n\t\t\t\t\t<\/a>\n\t\t\t\t<\/div>\n\t\t\t\t\t\t\t\t<\/div>\n\t\t\t\t<\/div>\n\t\t\t\t\t<\/div>\n\t\t<\/div>\n\t\t\t\t<div class=\"elementor-column elementor-col-25 elementor-top-column elementor-element elementor-element-4c08754\" data-id=\"4c08754\" data-element_type=\"column\" data-e-type=\"column\">\n\t\t\t<div class=\"elementor-widget-wrap elementor-element-populated\">\n\t\t\t\t\t\t<div class=\"elementor-element elementor-element-db1a32c elementor-widget elementor-widget-image\" data-id=\"db1a32c\" data-element_type=\"widget\" data-e-type=\"widget\" data-widget_type=\"image.default\">\n\t\t\t\t<div class=\"elementor-widget-container\">\n\t\t\t\t\t\t\t\t\t\t\t\t\t\t\t<img decoding=\"async\" src=\"https:\/\/www.blaueblume.de\/wp-content\/uploads\/2023\/07\/Juliane-v-Crailsheim-433x600.jpg\" title=\"\" alt=\"\" loading=\"lazy\" \/>\t\t\t\t\t\t\t\t\t\t\t\t\t\t\t<\/div>\n\t\t\t\t<\/div>\n\t\t\t\t<div class=\"elementor-element elementor-element-0d2a40a elementor-widget elementor-widget-text-editor\" data-id=\"0d2a40a\" data-element_type=\"widget\" data-e-type=\"widget\" data-widget_type=\"text-editor.default\">\n\t\t\t\t<div class=\"elementor-widget-container\">\n\t\t\t\t\t\t\t\t\t<p><strong><em>\u201eLebensentw\u00fcrfe mitschreiben\u201c <\/em>\u00a0&#8211; <\/strong>Schreibwerkstatt mit Juliane von Crailsheim<\/p><p>Wie lebst du \u2013 und wie willst du leben? Welchen Platz gibst du dir, deiner Mitwelt und den Themen deines Lebens?<\/p>\t\t\t\t\t\t\t\t<\/div>\n\t\t\t\t<\/div>\n\t\t\t\t<div class=\"elementor-element elementor-element-692a59c elementor-align-center elementor-widget elementor-widget-button\" data-id=\"692a59c\" data-element_type=\"widget\" data-e-type=\"widget\" data-widget_type=\"button.default\">\n\t\t\t\t<div class=\"elementor-widget-container\">\n\t\t\t\t\t\t\t\t\t<div class=\"elementor-button-wrapper\">\n\t\t\t\t\t<a class=\"elementor-button elementor-button-link elementor-size-sm\" href=\"http:\/\/www.blaueblume.de\/sommernachtstaumel-dozenten-juliane-von-crailsheim\/\" target=\"_blank\">\n\t\t\t\t\t\t<span class=\"elementor-button-content-wrapper\">\n\t\t\t\t\t\t\t\t\t<span class=\"elementor-button-text\">Mehr lesen<\/span>\n\t\t\t\t\t<\/span>\n\t\t\t\t\t<\/a>\n\t\t\t\t<\/div>\n\t\t\t\t\t\t\t\t<\/div>\n\t\t\t\t<\/div>\n\t\t\t\t\t<\/div>\n\t\t<\/div>\n\t\t\t\t<div class=\"elementor-column elementor-col-25 elementor-top-column elementor-element elementor-element-4537c4c\" data-id=\"4537c4c\" data-element_type=\"column\" data-e-type=\"column\">\n\t\t\t<div class=\"elementor-widget-wrap elementor-element-populated\">\n\t\t\t\t\t\t<div class=\"elementor-element elementor-element-a68cfba elementor-widget elementor-widget-image\" data-id=\"a68cfba\" data-element_type=\"widget\" data-e-type=\"widget\" data-widget_type=\"image.default\">\n\t\t\t\t<div class=\"elementor-widget-container\">\n\t\t\t\t\t\t\t\t\t\t\t\t\t\t\t<img decoding=\"async\" src=\"https:\/\/www.blaueblume.de\/wp-content\/uploads\/2023\/07\/Ottokar-Lehrner-433x600.jpg\" title=\"\" alt=\"\" loading=\"lazy\" \/>\t\t\t\t\t\t\t\t\t\t\t\t\t\t\t<\/div>\n\t\t\t\t<\/div>\n\t\t\t\t<div class=\"elementor-element elementor-element-4279fd0 elementor-widget elementor-widget-text-editor\" data-id=\"4279fd0\" data-element_type=\"widget\" data-e-type=\"widget\" data-widget_type=\"text-editor.default\">\n\t\t\t\t<div class=\"elementor-widget-container\">\n\t\t\t\t\t\t\t\t\t<p><strong><em>\u201eIch bin ein Edelstein, eine Blume und ein nie geh\u00f6rtes Wort\u201c &#8211; <\/em><\/strong>Poesie-Werkstatt mit Ottokar Lehrner<\/p><p>Poesie in Bewegung \u2013 Liebe, Lust und Sinnes-Wandel.<br \/>Poesie ber\u00fchrt das Herz, inspiriert den Geist und erregt die Gedanken.<\/p>\t\t\t\t\t\t\t\t<\/div>\n\t\t\t\t<\/div>\n\t\t\t\t<div class=\"elementor-element elementor-element-ea25685 elementor-align-center elementor-widget elementor-widget-button\" data-id=\"ea25685\" data-element_type=\"widget\" data-e-type=\"widget\" data-widget_type=\"button.default\">\n\t\t\t\t<div class=\"elementor-widget-container\">\n\t\t\t\t\t\t\t\t\t<div class=\"elementor-button-wrapper\">\n\t\t\t\t\t<a class=\"elementor-button elementor-button-link elementor-size-sm\" href=\"https:\/\/www.blaueblume.de\/sommernachtstaumel-dozenten-ottokar-lehrner\/\" target=\"_blank\">\n\t\t\t\t\t\t<span class=\"elementor-button-content-wrapper\">\n\t\t\t\t\t\t\t\t\t<span class=\"elementor-button-text\">Mehr lesen<\/span>\n\t\t\t\t\t<\/span>\n\t\t\t\t\t<\/a>\n\t\t\t\t<\/div>\n\t\t\t\t\t\t\t\t<\/div>\n\t\t\t\t<\/div>\n\t\t\t\t\t<\/div>\n\t\t<\/div>\n\t\t\t\t<div class=\"elementor-column elementor-col-25 elementor-top-column elementor-element elementor-element-8da35f2\" data-id=\"8da35f2\" data-element_type=\"column\" data-e-type=\"column\">\n\t\t\t<div class=\"elementor-widget-wrap elementor-element-populated\">\n\t\t\t\t\t\t<div class=\"elementor-element elementor-element-4ea006c elementor-widget elementor-widget-image\" data-id=\"4ea006c\" data-element_type=\"widget\" data-e-type=\"widget\" data-widget_type=\"image.default\">\n\t\t\t\t<div class=\"elementor-widget-container\">\n\t\t\t\t\t\t\t\t\t\t\t\t\t\t\t<img decoding=\"async\" src=\"https:\/\/www.blaueblume.de\/wp-content\/uploads\/2026\/02\/Judith-Antkowiak_Pressefoto-433x600.jpg\" title=\"\" alt=\"\" loading=\"lazy\" \/>\t\t\t\t\t\t\t\t\t\t\t\t\t\t\t<\/div>\n\t\t\t\t<\/div>\n\t\t\t\t<div class=\"elementor-element elementor-element-453bf83 elementor-widget elementor-widget-text-editor\" data-id=\"453bf83\" data-element_type=\"widget\" data-e-type=\"widget\" data-widget_type=\"text-editor.default\">\n\t\t\t\t<div class=\"elementor-widget-container\">\n\t\t\t\t\t\t\t\t\t<p><strong><em>\u201eVerk\u00f6rperte Stimme &amp; Rhythmen des Lebens\u201c &#8211;<\/em><\/strong> mit Judith Antkowiak<\/p><p>Die Kreativwerkstatt ist offen f\u00fcr alle, die ihre Stimme (weiter-) entdecken und ihren authentischen Ausdruck vertiefen m\u00f6chten.<\/p>\t\t\t\t\t\t\t\t<\/div>\n\t\t\t\t<\/div>\n\t\t\t\t<div class=\"elementor-element elementor-element-caa2307 elementor-align-center elementor-widget elementor-widget-button\" data-id=\"caa2307\" data-element_type=\"widget\" data-e-type=\"widget\" data-widget_type=\"button.default\">\n\t\t\t\t<div class=\"elementor-widget-container\">\n\t\t\t\t\t\t\t\t\t<div class=\"elementor-button-wrapper\">\n\t\t\t\t\t<a class=\"elementor-button elementor-button-link elementor-size-sm\" href=\"https:\/\/www.blaueblume.de\/sommernachtstaumel-dozenten-judith-antkowiak\/\">\n\t\t\t\t\t\t<span class=\"elementor-button-content-wrapper\">\n\t\t\t\t\t\t\t\t\t<span class=\"elementor-button-text\">Mehr lesen<\/span>\n\t\t\t\t\t<\/span>\n\t\t\t\t\t<\/a>\n\t\t\t\t<\/div>\n\t\t\t\t\t\t\t\t<\/div>\n\t\t\t\t<\/div>\n\t\t\t\t\t<\/div>\n\t\t<\/div>\n\t\t\t\t\t<\/div>\n\t\t<\/section>\n\t\t\t\t<section class=\"elementor-section elementor-top-section elementor-element elementor-element-1221961 elementor-section-boxed elementor-section-height-default elementor-section-height-default\" data-id=\"1221961\" data-element_type=\"section\" data-e-type=\"section\">\n\t\t\t\t\t\t<div class=\"elementor-container elementor-column-gap-default\">\n\t\t\t\t\t<div class=\"elementor-column elementor-col-100 elementor-top-column elementor-element elementor-element-44150a2\" data-id=\"44150a2\" data-element_type=\"column\" data-e-type=\"column\">\n\t\t\t<div class=\"elementor-widget-wrap elementor-element-populated\">\n\t\t\t\t\t\t<div class=\"elementor-element elementor-element-86bcadb elementor-align-center elementor-widget elementor-widget-button\" data-id=\"86bcadb\" data-element_type=\"widget\" data-e-type=\"widget\" data-widget_type=\"button.default\">\n\t\t\t\t<div class=\"elementor-widget-container\">\n\t\t\t\t\t\t\t\t\t<div class=\"elementor-button-wrapper\">\n\t\t\t\t\t<a class=\"elementor-button elementor-button-link elementor-size-sm\" href=\"https:\/\/forms.gle\/FNpHa1jX9WBCGBsC9\" target=\"_blank\">\n\t\t\t\t\t\t<span class=\"elementor-button-content-wrapper\">\n\t\t\t\t\t\t\t\t\t<span class=\"elementor-button-text\">Jetzt anmelden<\/span>\n\t\t\t\t\t<\/span>\n\t\t\t\t\t<\/a>\n\t\t\t\t<\/div>\n\t\t\t\t\t\t\t\t<\/div>\n\t\t\t\t<\/div>\n\t\t\t\t\t<\/div>\n\t\t<\/div>\n\t\t\t\t\t<\/div>\n\t\t<\/section>\n\t\t\t\t<\/div>","protected":false},"excerpt":{"rendered":"<p>Wenn der Tag langsam vergeht<br \/>\nund die Nacht den Raum \u00f6ffnet f\u00fcr Stimmen, Gedanken und Bewegung,<br \/>\nbeginnt der SommernachtsTaumel.<\/p>\n<p>Licht flackert zwischen B\u00e4umen,<br \/>\nMusik liegt in der Luft,<br \/>\nWorte, T\u00f6ne und Gesten finden zueinander.<br \/>\nHier wird Kunst geboren aus Gemeinschaft,<br \/>\naus Mut zum Ausdruck,<br \/>\naus dem Zauber warmer N\u00e4chte.<\/p>\n<p>Der SommernachtsTaumel ist kein Zuschauen,<br \/>\nsondern ein Eintauchen.<br \/>\nEin Fest zwischen B\u00fchne und Wiese,<br \/>\nzwischen Sternenhimmel und Lagerfeuer,<br \/>\nzwischen dir und dem, was in dir klingen will.<\/p>","protected":false},"author":3,"featured_media":56920,"comment_status":"closed","ping_status":"closed","sticky":false,"template":"","format":"standard","meta":{"footnotes":""},"categories":[21,24],"tags":[],"class_list":["post-56919","post","type-post","status-publish","format-standard","has-post-thumbnail","hentry","category-aktuelles","category-veranstaltungen"],"yoast_head":"<!-- This site is optimized with the Yoast SEO plugin v27.5 - https:\/\/yoast.com\/product\/yoast-seo-wordpress\/ -->\n<title>SommernachtsTaumel vom 29.07. - 02.08. - Seegut Blaue Blume<\/title>\n<meta name=\"robots\" content=\"index, follow, max-snippet:-1, max-image-preview:large, max-video-preview:-1\" \/>\n<link rel=\"canonical\" href=\"https:\/\/seegut-blaueblume.de\/en\/sommernachtstaumel\/\" \/>\n<meta property=\"og:locale\" content=\"en_GB\" \/>\n<meta property=\"og:type\" content=\"article\" \/>\n<meta property=\"og:title\" content=\"SommernachtsTaumel vom 29.07. - 02.08. - Seegut Blaue Blume\" \/>\n<meta property=\"og:description\" content=\"Wenn der Tag langsam vergeht und die Nacht den Raum \u00f6ffnet f\u00fcr Stimmen, Gedanken und Bewegung, beginnt der SommernachtsTaumel. Licht flackert zwischen B\u00e4umen, Musik liegt in der Luft, Worte, T\u00f6ne und Gesten finden zueinander. Hier wird Kunst geboren aus Gemeinschaft, aus Mut zum Ausdruck, aus dem Zauber warmer N\u00e4chte. Der SommernachtsTaumel ist kein Zuschauen, sondern ein Eintauchen. Ein Fest zwischen B\u00fchne und Wiese, zwischen Sternenhimmel und Lagerfeuer, zwischen dir und dem, was in dir klingen will.\" \/>\n<meta property=\"og:url\" content=\"https:\/\/seegut-blaueblume.de\/en\/sommernachtstaumel\/\" \/>\n<meta property=\"og:site_name\" content=\"Seegut Blaue Blume\" \/>\n<meta property=\"article:published_time\" content=\"2026-04-30T08:50:45+00:00\" \/>\n<meta property=\"article:modified_time\" content=\"2026-04-30T15:20:43+00:00\" \/>\n<meta property=\"og:image\" content=\"http:\/\/seegut-blaueblume.de\/wp-content\/uploads\/2026\/04\/SommernachtsTaumel-1024x319.png\" \/>\n\t<meta property=\"og:image:width\" content=\"1024\" \/>\n\t<meta property=\"og:image:height\" content=\"319\" \/>\n\t<meta property=\"og:image:type\" content=\"image\/png\" \/>\n<meta name=\"author\" content=\"Benedikt Wohlleben\" \/>\n<meta name=\"twitter:card\" content=\"summary_large_image\" \/>\n<meta name=\"twitter:label1\" content=\"Written by\" \/>\n\t<meta name=\"twitter:data1\" content=\"Benedikt Wohlleben\" \/>\n\t<meta name=\"twitter:label2\" content=\"Estimated reading time\" \/>\n\t<meta name=\"twitter:data2\" content=\"5 minutes\" \/>\n<script type=\"application\/ld+json\" class=\"yoast-schema-graph\">{\"@context\":\"https:\\\/\\\/schema.org\",\"@graph\":[{\"@type\":\"Article\",\"@id\":\"https:\\\/\\\/seegut-blaueblume.de\\\/sommernachtstaumel\\\/#article\",\"isPartOf\":{\"@id\":\"https:\\\/\\\/seegut-blaueblume.de\\\/sommernachtstaumel\\\/\"},\"author\":{\"name\":\"Benedikt Wohlleben\",\"@id\":\"\\\/#\\\/schema\\\/person\\\/1cc698f3ac49b29bb75523df05b7f940\"},\"headline\":\"SommernachtsTaumel vom 29.07. &#8211; 02.08.\",\"datePublished\":\"2026-04-30T08:50:45+00:00\",\"dateModified\":\"2026-04-30T15:20:43+00:00\",\"mainEntityOfPage\":{\"@id\":\"https:\\\/\\\/seegut-blaueblume.de\\\/sommernachtstaumel\\\/\"},\"wordCount\":573,\"image\":{\"@id\":\"https:\\\/\\\/seegut-blaueblume.de\\\/sommernachtstaumel\\\/#primaryimage\"},\"thumbnailUrl\":\"https:\\\/\\\/seegut-blaueblume.de\\\/wp-content\\\/uploads\\\/2026\\\/04\\\/SommernachtsTaumel-scaled.png\",\"articleSection\":[\"Aktuelles\",\"Veranstaltungen\"],\"inLanguage\":\"en-GB\"},{\"@type\":\"WebPage\",\"@id\":\"https:\\\/\\\/seegut-blaueblume.de\\\/sommernachtstaumel\\\/\",\"url\":\"https:\\\/\\\/seegut-blaueblume.de\\\/sommernachtstaumel\\\/\",\"name\":\"SommernachtsTaumel vom 29.07. - 02.08. - Seegut Blaue Blume\",\"isPartOf\":{\"@id\":\"\\\/#website\"},\"primaryImageOfPage\":{\"@id\":\"https:\\\/\\\/seegut-blaueblume.de\\\/sommernachtstaumel\\\/#primaryimage\"},\"image\":{\"@id\":\"https:\\\/\\\/seegut-blaueblume.de\\\/sommernachtstaumel\\\/#primaryimage\"},\"thumbnailUrl\":\"https:\\\/\\\/seegut-blaueblume.de\\\/wp-content\\\/uploads\\\/2026\\\/04\\\/SommernachtsTaumel-scaled.png\",\"datePublished\":\"2026-04-30T08:50:45+00:00\",\"dateModified\":\"2026-04-30T15:20:43+00:00\",\"author\":{\"@id\":\"\\\/#\\\/schema\\\/person\\\/1cc698f3ac49b29bb75523df05b7f940\"},\"breadcrumb\":{\"@id\":\"https:\\\/\\\/seegut-blaueblume.de\\\/sommernachtstaumel\\\/#breadcrumb\"},\"inLanguage\":\"en-GB\",\"potentialAction\":[{\"@type\":\"ReadAction\",\"target\":[\"https:\\\/\\\/seegut-blaueblume.de\\\/sommernachtstaumel\\\/\"]}]},{\"@type\":\"ImageObject\",\"inLanguage\":\"en-GB\",\"@id\":\"https:\\\/\\\/seegut-blaueblume.de\\\/sommernachtstaumel\\\/#primaryimage\",\"url\":\"https:\\\/\\\/seegut-blaueblume.de\\\/wp-content\\\/uploads\\\/2026\\\/04\\\/SommernachtsTaumel-scaled.png\",\"contentUrl\":\"https:\\\/\\\/seegut-blaueblume.de\\\/wp-content\\\/uploads\\\/2026\\\/04\\\/SommernachtsTaumel-scaled.png\",\"width\":2560,\"height\":797},{\"@type\":\"BreadcrumbList\",\"@id\":\"https:\\\/\\\/seegut-blaueblume.de\\\/sommernachtstaumel\\\/#breadcrumb\",\"itemListElement\":[{\"@type\":\"ListItem\",\"position\":1,\"name\":\"Home\",\"item\":\"https:\\\/\\\/seegut-blaueblume.de\\\/\"},{\"@type\":\"ListItem\",\"position\":2,\"name\":\"SommernachtsTaumel vom 29.07. &#8211; 02.08.\"}]},{\"@type\":\"WebSite\",\"@id\":\"\\\/#website\",\"url\":\"\\\/\",\"name\":\"Seegut Blaue Blume\",\"description\":\"Seminar- und Gruppenhaus\",\"potentialAction\":[{\"@type\":\"SearchAction\",\"target\":{\"@type\":\"EntryPoint\",\"urlTemplate\":\"\\\/?s={search_term_string}\"},\"query-input\":{\"@type\":\"PropertyValueSpecification\",\"valueRequired\":true,\"valueName\":\"search_term_string\"}}],\"inLanguage\":\"en-GB\"},{\"@type\":\"Person\",\"@id\":\"\\\/#\\\/schema\\\/person\\\/1cc698f3ac49b29bb75523df05b7f940\",\"name\":\"Benedikt Wohlleben\",\"url\":\"https:\\\/\\\/seegut-blaueblume.de\\\/en\\\/author\\\/verwender-21\\\/\"}]}<\/script>\n<!-- \/ Yoast SEO plugin. -->","yoast_head_json":{"title":"SommernachtsTaumel vom 29.07. - 02.08. - Seegut Blaue Blume","robots":{"index":"index","follow":"follow","max-snippet":"max-snippet:-1","max-image-preview":"max-image-preview:large","max-video-preview":"max-video-preview:-1"},"canonical":"https:\/\/seegut-blaueblume.de\/en\/sommernachtstaumel\/","og_locale":"en_GB","og_type":"article","og_title":"SommernachtsTaumel vom 29.07. - 02.08. - Seegut Blaue Blume","og_description":"Wenn der Tag langsam vergeht und die Nacht den Raum \u00f6ffnet f\u00fcr Stimmen, Gedanken und Bewegung, beginnt der SommernachtsTaumel. Licht flackert zwischen B\u00e4umen, Musik liegt in der Luft, Worte, T\u00f6ne und Gesten finden zueinander. Hier wird Kunst geboren aus Gemeinschaft, aus Mut zum Ausdruck, aus dem Zauber warmer N\u00e4chte. Der SommernachtsTaumel ist kein Zuschauen, sondern ein Eintauchen. Ein Fest zwischen B\u00fchne und Wiese, zwischen Sternenhimmel und Lagerfeuer, zwischen dir und dem, was in dir klingen will.","og_url":"https:\/\/seegut-blaueblume.de\/en\/sommernachtstaumel\/","og_site_name":"Seegut Blaue Blume","article_published_time":"2026-04-30T08:50:45+00:00","article_modified_time":"2026-04-30T15:20:43+00:00","og_image":[{"width":1024,"height":319,"url":"http:\/\/seegut-blaueblume.de\/wp-content\/uploads\/2026\/04\/SommernachtsTaumel-1024x319.png","type":"image\/png"}],"author":"Benedikt Wohlleben","twitter_card":"summary_large_image","twitter_misc":{"Written by":"Benedikt Wohlleben","Estimated reading time":"5 minutes"},"schema":{"@context":"https:\/\/schema.org","@graph":[{"@type":"Article","@id":"https:\/\/seegut-blaueblume.de\/sommernachtstaumel\/#article","isPartOf":{"@id":"https:\/\/seegut-blaueblume.de\/sommernachtstaumel\/"},"author":{"name":"Benedikt Wohlleben","@id":"\/#\/schema\/person\/1cc698f3ac49b29bb75523df05b7f940"},"headline":"SommernachtsTaumel vom 29.07. &#8211; 02.08.","datePublished":"2026-04-30T08:50:45+00:00","dateModified":"2026-04-30T15:20:43+00:00","mainEntityOfPage":{"@id":"https:\/\/seegut-blaueblume.de\/sommernachtstaumel\/"},"wordCount":573,"image":{"@id":"https:\/\/seegut-blaueblume.de\/sommernachtstaumel\/#primaryimage"},"thumbnailUrl":"https:\/\/seegut-blaueblume.de\/wp-content\/uploads\/2026\/04\/SommernachtsTaumel-scaled.png","articleSection":["Aktuelles","Veranstaltungen"],"inLanguage":"en-GB"},{"@type":"WebPage","@id":"https:\/\/seegut-blaueblume.de\/sommernachtstaumel\/","url":"https:\/\/seegut-blaueblume.de\/sommernachtstaumel\/","name":"SommernachtsTaumel vom 29.07. - 02.08. - Seegut Blaue Blume","isPartOf":{"@id":"\/#website"},"primaryImageOfPage":{"@id":"https:\/\/seegut-blaueblume.de\/sommernachtstaumel\/#primaryimage"},"image":{"@id":"https:\/\/seegut-blaueblume.de\/sommernachtstaumel\/#primaryimage"},"thumbnailUrl":"https:\/\/seegut-blaueblume.de\/wp-content\/uploads\/2026\/04\/SommernachtsTaumel-scaled.png","datePublished":"2026-04-30T08:50:45+00:00","dateModified":"2026-04-30T15:20:43+00:00","author":{"@id":"\/#\/schema\/person\/1cc698f3ac49b29bb75523df05b7f940"},"breadcrumb":{"@id":"https:\/\/seegut-blaueblume.de\/sommernachtstaumel\/#breadcrumb"},"inLanguage":"en-GB","potentialAction":[{"@type":"ReadAction","target":["https:\/\/seegut-blaueblume.de\/sommernachtstaumel\/"]}]},{"@type":"ImageObject","inLanguage":"en-GB","@id":"https:\/\/seegut-blaueblume.de\/sommernachtstaumel\/#primaryimage","url":"https:\/\/seegut-blaueblume.de\/wp-content\/uploads\/2026\/04\/SommernachtsTaumel-scaled.png","contentUrl":"https:\/\/seegut-blaueblume.de\/wp-content\/uploads\/2026\/04\/SommernachtsTaumel-scaled.png","width":2560,"height":797},{"@type":"BreadcrumbList","@id":"https:\/\/seegut-blaueblume.de\/sommernachtstaumel\/#breadcrumb","itemListElement":[{"@type":"ListItem","position":1,"name":"Home","item":"https:\/\/seegut-blaueblume.de\/"},{"@type":"ListItem","position":2,"name":"SommernachtsTaumel vom 29.07. &#8211; 02.08."}]},{"@type":"WebSite","@id":"\/#website","url":"\/","name":"Seegut Blaue Blume","description":"Seminar and Group House","potentialAction":[{"@type":"SearchAction","target":{"@type":"EntryPoint","urlTemplate":"\/?s={search_term_string}"},"query-input":{"@type":"PropertyValueSpecification","valueRequired":true,"valueName":"search_term_string"}}],"inLanguage":"en-GB"},{"@type":"Person","@id":"\/#\/schema\/person\/1cc698f3ac49b29bb75523df05b7f940","name":"Benedikt Wohlleben","url":"https:\/\/seegut-blaueblume.de\/en\/author\/verwender-21\/"}]}},"_links":{"self":[{"href":"https:\/\/seegut-blaueblume.de\/en\/wp-json\/wp\/v2\/posts\/56919","targetHints":{"allow":["GET"]}}],"collection":[{"href":"https:\/\/seegut-blaueblume.de\/en\/wp-json\/wp\/v2\/posts"}],"about":[{"href":"https:\/\/seegut-blaueblume.de\/en\/wp-json\/wp\/v2\/types\/post"}],"author":[{"embeddable":true,"href":"https:\/\/seegut-blaueblume.de\/en\/wp-json\/wp\/v2\/users\/3"}],"replies":[{"embeddable":true,"href":"https:\/\/seegut-blaueblume.de\/en\/wp-json\/wp\/v2\/comments?post=56919"}],"version-history":[{"count":22,"href":"https:\/\/seegut-blaueblume.de\/en\/wp-json\/wp\/v2\/posts\/56919\/revisions"}],"predecessor-version":[{"id":56947,"href":"https:\/\/seegut-blaueblume.de\/en\/wp-json\/wp\/v2\/posts\/56919\/revisions\/56947"}],"wp:featuredmedia":[{"embeddable":true,"href":"https:\/\/seegut-blaueblume.de\/en\/wp-json\/wp\/v2\/media\/56920"}],"wp:attachment":[{"href":"https:\/\/seegut-blaueblume.de\/en\/wp-json\/wp\/v2\/media?parent=56919"}],"wp:term":[{"taxonomy":"category","embeddable":true,"href":"https:\/\/seegut-blaueblume.de\/en\/wp-json\/wp\/v2\/categories?post=56919"},{"taxonomy":"post_tag","embeddable":true,"href":"https:\/\/seegut-blaueblume.de\/en\/wp-json\/wp\/v2\/tags?post=56919"}],"curies":[{"name":"wp","href":"https:\/\/api.w.org\/{rel}","templated":true}]}}